{"id":179,"date":"2015-04-02T11:16:48","date_gmt":"2015-04-02T08:16:48","guid":{"rendered":"http:\/\/lasteaed.tostamaa.ee\/?p=179"},"modified":"2015-04-02T11:17:27","modified_gmt":"2015-04-02T08:17:27","slug":"lasteaia-lauluvoistlus-2015","status":"publish","type":"post","link":"http:\/\/lasteaed.tostamaa.ee\/?p=179","title":{"rendered":"Lasteaia lauluv\u00f5istlus 2015"},"content":{"rendered":"<p><span style=\"font-size: medium;\"><span style=\"text-decoration: underline;\"><b>Lasteaia lauluv\u00f5istlus<\/b><\/span><\/span><\/p>\n<p><span style=\"font-size: medium;\">6. m\u00e4rtsil toimus Lasteaias lauluv\u00f5istlus, mis sel aastal toimus juba 13. korda. Osales 20 v\u00e4ikest laululast, kellest 6 p\u00e4\u00e4sesid edasi valla laulukonkursile \u201eMuusika meid k\u00f5iki seob\u201d.<\/span><\/p>\n<p><span style=\"font-size: medium;\">Vanusegrupid jagunesid kaheks: <\/span><\/p>\n<p><span style=\"font-size: medium;\">3-4 aastaste laste vanusegrupist p\u00e4\u00e4sesid edasi Rasmus Soosaar ja Edeli Piirme. Samuti olid v\u00e4ga tublid Eleonora Marta Niine, Merileen Meras, Stella Adler, Lenne-Merit Veskim\u00e4gi, Elena Pulk, Eliisabeth P\u00e4\u00e4stel.<\/span><\/p>\n<p><span style=\"font-size: medium;\">5-7 aastaste laste vanusegrupist p\u00e4\u00e4sesid edasi Joonas R\u00f5hu, Robin Kaja, Keitlyn Kaal ning Eneli Pulk. Tublid olid ka Erik Koppel, Heneli Ka\u0161kin, Anna-Sharlotte Hallgrimson, Liis R\u00f5hu, Eneli Piirme, Janar Tuulmees.<\/span><\/p>\n<p style=\"text-align: left;\"><span style=\"font-size: medium;\">Suured t\u00e4nud meie muusika\u00f5petaja Tiiule, kes on laulude selgeks\u00f5petamise n\u00e4ol \u00e4ra teinud suure t\u00f6\u00f6!<a href=\"http:\/\/lasteaed.tostamaa.ee\/wp-content\/uploads\/2015\/04\/IMG_20150306_164749.jpg\"><img loading=\"lazy\" decoding=\"async\" class=\"alignnone size-full wp-image-180\" src=\"http:\/\/lasteaed.tostamaa.ee\/wp-content\/uploads\/2015\/04\/IMG_20150306_164749.jpg\" alt=\"IMG_20150306_164749\" width=\"4160\" height=\"2336\" srcset=\"http:\/\/lasteaed.tostamaa.ee\/wp-content\/uploads\/2015\/04\/IMG_20150306_164749.jpg 4160w, http:\/\/lasteaed.tostamaa.ee\/wp-content\/uploads\/2015\/04\/IMG_20150306_164749-300x168.jpg 300w, http:\/\/lasteaed.tostamaa.ee\/wp-content\/uploads\/2015\/04\/IMG_20150306_164749-1024x575.jpg 1024w, http:\/\/lasteaed.tostamaa.ee\/wp-content\/uploads\/2015\/04\/IMG_20150306_164749-1170x657.jpg 1170w\" sizes=\"auto, (max-width: 4160px) 100vw, 4160px\" \/><\/a><\/span><\/p>\n","protected":false},"excerpt":{"rendered":"<p>Lasteaia lauluv\u00f5istlus 6. m\u00e4rtsil toimus Lasteaias lauluv\u00f5istlus, mis sel aastal toimus juba 13. korda. Osales 20 v\u00e4ikest laululast, kellest 6 p\u00e4\u00e4sesid edasi valla laulukonkursile \u201eMuusika meid k\u00f5iki seob\u201d. Vanusegrupid jagunesid kaheks: 3-4 aastaste laste vanusegrupist p\u00e4\u00e4sesid edasi Rasmus Soosaar ja Edeli Piirme. Samuti olid v\u00e4ga tublid Eleonora Marta Niine, Merileen Meras, Stella Adler, Lenne-Merit Veskim\u00e4gi, [&hellip;]<\/p>\n","protected":false},"author":1,"featured_media":0,"comment_status":"closed","ping_status":"open","sticky":false,"template":"","format":"standard","meta":{"footnotes":""},"categories":[2],"tags":[],"class_list":["post-179","post","type-post","status-publish","format-standard","hentry","category-uudised"],"_links":{"self":[{"href":"http:\/\/lasteaed.tostamaa.ee\/index.php?rest_route=\/wp\/v2\/posts\/179","targetHints":{"allow":["GET"]}}],"collection":[{"href":"http:\/\/lasteaed.tostamaa.ee\/index.php?rest_route=\/wp\/v2\/posts"}],"about":[{"href":"http:\/\/lasteaed.tostamaa.ee\/index.php?rest_route=\/wp\/v2\/types\/post"}],"author":[{"embeddable":true,"href":"http:\/\/lasteaed.tostamaa.ee\/index.php?rest_route=\/wp\/v2\/users\/1"}],"replies":[{"embeddable":true,"href":"http:\/\/lasteaed.tostamaa.ee\/index.php?rest_route=%2Fwp%2Fv2%2Fcomments&post=179"}],"version-history":[{"count":1,"href":"http:\/\/lasteaed.tostamaa.ee\/index.php?rest_route=\/wp\/v2\/posts\/179\/revisions"}],"predecessor-version":[{"id":181,"href":"http:\/\/lasteaed.tostamaa.ee\/index.php?rest_route=\/wp\/v2\/posts\/179\/revisions\/181"}],"wp:attachment":[{"href":"http:\/\/lasteaed.tostamaa.ee\/index.php?rest_route=%2Fwp%2Fv2%2Fmedia&parent=179"}],"wp:term":[{"taxonomy":"category","embeddable":true,"href":"http:\/\/lasteaed.tostamaa.ee\/index.php?rest_route=%2Fwp%2Fv2%2Fcategories&post=179"},{"taxonomy":"post_tag","embeddable":true,"href":"http:\/\/lasteaed.tostamaa.ee\/index.php?rest_route=%2Fwp%2Fv2%2Ftags&post=179"}],"curies":[{"name":"wp","href":"https:\/\/api.w.org\/{rel}","templated":true}]}}