{"id":372,"date":"2015-09-22T09:06:29","date_gmt":"2015-09-22T06:06:29","guid":{"rendered":"http:\/\/lasteaed.tostamaa.ee\/?p=372"},"modified":"2015-09-22T09:07:04","modified_gmt":"2015-09-22T06:07:04","slug":"lastevanemate-koosolek-30-septembril-kell-16-00-lasteaia-saalis","status":"publish","type":"post","link":"http:\/\/lasteaed.tostamaa.ee\/?p=372","title":{"rendered":"Lastevanemate koosolek 30. septembril kell 16.00 lasteaia saalis"},"content":{"rendered":"<p>30. septembril kell 16.00 toimub lasteaia saalis lastevanemate \u00fcldkoosolek.<br \/>\nKoosoleku p\u00e4evakord:<br \/>\n1. Tervisest r\u00e4\u00e4gib perearst Madis Veskim\u00e4gi.<br \/>\n2. Kevadel toimunud lastevanemate k\u00fcsitluse kokkuv\u00f5te.<br \/>\n3. Hoolekogu valimine.<br \/>\n4. Jooksvad k\u00fcsimused.<\/p>\n<p>Peale \u00fcldkoosolekut toimuvad r\u00fchmakoosolekud.<\/p>\n","protected":false},"excerpt":{"rendered":"<p>30. septembril kell 16.00 toimub lasteaia saalis lastevanemate \u00fcldkoosolek. Koosoleku p\u00e4evakord: 1. Tervisest r\u00e4\u00e4gib perearst Madis Veskim\u00e4gi. 2. Kevadel toimunud lastevanemate k\u00fcsitluse kokkuv\u00f5te. 3. Hoolekogu valimine. 4. Jooksvad k\u00fcsimused. Peale \u00fcldkoosolekut toimuvad r\u00fchmakoosolekud.<\/p>\n","protected":false},"author":1,"featured_media":0,"comment_status":"closed","ping_status":"open","sticky":false,"template":"","format":"standard","meta":{"footnotes":""},"categories":[1],"tags":[],"class_list":["post-372","post","type-post","status-publish","format-standard","hentry","category-maaratlemata"],"_links":{"self":[{"href":"http:\/\/lasteaed.tostamaa.ee\/index.php?rest_route=\/wp\/v2\/posts\/372","targetHints":{"allow":["GET"]}}],"collection":[{"href":"http:\/\/lasteaed.tostamaa.ee\/index.php?rest_route=\/wp\/v2\/posts"}],"about":[{"href":"http:\/\/lasteaed.tostamaa.ee\/index.php?rest_route=\/wp\/v2\/types\/post"}],"author":[{"embeddable":true,"href":"http:\/\/lasteaed.tostamaa.ee\/index.php?rest_route=\/wp\/v2\/users\/1"}],"replies":[{"embeddable":true,"href":"http:\/\/lasteaed.tostamaa.ee\/index.php?rest_route=%2Fwp%2Fv2%2Fcomments&post=372"}],"version-history":[{"count":1,"href":"http:\/\/lasteaed.tostamaa.ee\/index.php?rest_route=\/wp\/v2\/posts\/372\/revisions"}],"predecessor-version":[{"id":373,"href":"http:\/\/lasteaed.tostamaa.ee\/index.php?rest_route=\/wp\/v2\/posts\/372\/revisions\/373"}],"wp:attachment":[{"href":"http:\/\/lasteaed.tostamaa.ee\/index.php?rest_route=%2Fwp%2Fv2%2Fmedia&parent=372"}],"wp:term":[{"taxonomy":"category","embeddable":true,"href":"http:\/\/lasteaed.tostamaa.ee\/index.php?rest_route=%2Fwp%2Fv2%2Fcategories&post=372"},{"taxonomy":"post_tag","embeddable":true,"href":"http:\/\/lasteaed.tostamaa.ee\/index.php?rest_route=%2Fwp%2Fv2%2Ftags&post=372"}],"curies":[{"name":"wp","href":"https:\/\/api.w.org\/{rel}","templated":true}]}}