{"id":445,"date":"2015-10-12T11:46:59","date_gmt":"2015-10-12T08:46:59","guid":{"rendered":"http:\/\/lasteaed.tostamaa.ee\/?p=445"},"modified":"2015-10-12T11:46:59","modified_gmt":"2015-10-12T08:46:59","slug":"leivanadal-ja-loikuspidu","status":"publish","type":"post","link":"http:\/\/lasteaed.tostamaa.ee\/?p=445","title":{"rendered":"Leivan\u00e4dal ja l\u00f5ikuspidu"},"content":{"rendered":"<p>Eelmisel n\u00e4dalal toimus lasteaias leivan\u00e4dal, mis l\u00f5ppes reedel v\u00e4ikese l\u00f5ikuspeo ja v\u00f5ileivatordi meisterdamisega.<a href=\"http:\/\/lasteaed.tostamaa.ee\/wp-content\/uploads\/2015\/10\/IMG_20151009_110220.jpg\"><img loading=\"lazy\" decoding=\"async\" class=\"alignnone size-full wp-image-446\" src=\"http:\/\/lasteaed.tostamaa.ee\/wp-content\/uploads\/2015\/10\/IMG_20151009_110220.jpg\" alt=\"IMG_20151009_110220\" width=\"4160\" height=\"2336\" srcset=\"http:\/\/lasteaed.tostamaa.ee\/wp-content\/uploads\/2015\/10\/IMG_20151009_110220.jpg 4160w, http:\/\/lasteaed.tostamaa.ee\/wp-content\/uploads\/2015\/10\/IMG_20151009_110220-300x168.jpg 300w, http:\/\/lasteaed.tostamaa.ee\/wp-content\/uploads\/2015\/10\/IMG_20151009_110220-1024x575.jpg 1024w, http:\/\/lasteaed.tostamaa.ee\/wp-content\/uploads\/2015\/10\/IMG_20151009_110220-1170x657.jpg 1170w\" sizes=\"auto, (max-width: 4160px) 100vw, 4160px\" \/><\/a><a href=\"http:\/\/lasteaed.tostamaa.ee\/wp-content\/uploads\/2015\/10\/IMG_20151009_123515.jpg\"><img loading=\"lazy\" decoding=\"async\" class=\"alignnone size-full wp-image-447\" src=\"http:\/\/lasteaed.tostamaa.ee\/wp-content\/uploads\/2015\/10\/IMG_20151009_123515.jpg\" alt=\"IMG_20151009_123515\" width=\"4160\" height=\"2336\" srcset=\"http:\/\/lasteaed.tostamaa.ee\/wp-content\/uploads\/2015\/10\/IMG_20151009_123515.jpg 4160w, http:\/\/lasteaed.tostamaa.ee\/wp-content\/uploads\/2015\/10\/IMG_20151009_123515-300x168.jpg 300w, http:\/\/lasteaed.tostamaa.ee\/wp-content\/uploads\/2015\/10\/IMG_20151009_123515-1024x575.jpg 1024w, http:\/\/lasteaed.tostamaa.ee\/wp-content\/uploads\/2015\/10\/IMG_20151009_123515-1170x657.jpg 1170w\" sizes=\"auto, (max-width: 4160px) 100vw, 4160px\" \/><\/a><\/p>\n","protected":false},"excerpt":{"rendered":"<p>Eelmisel n\u00e4dalal toimus lasteaias leivan\u00e4dal, mis l\u00f5ppes reedel v\u00e4ikese l\u00f5ikuspeo ja v\u00f5ileivatordi meisterdamisega.<\/p>\n","protected":false},"author":1,"featured_media":0,"comment_status":"closed","ping_status":"open","sticky":false,"template":"","format":"standard","meta":{"footnotes":""},"categories":[1],"tags":[],"class_list":["post-445","post","type-post","status-publish","format-standard","hentry","category-maaratlemata"],"_links":{"self":[{"href":"http:\/\/lasteaed.tostamaa.ee\/index.php?rest_route=\/wp\/v2\/posts\/445","targetHints":{"allow":["GET"]}}],"collection":[{"href":"http:\/\/lasteaed.tostamaa.ee\/index.php?rest_route=\/wp\/v2\/posts"}],"about":[{"href":"http:\/\/lasteaed.tostamaa.ee\/index.php?rest_route=\/wp\/v2\/types\/post"}],"author":[{"embeddable":true,"href":"http:\/\/lasteaed.tostamaa.ee\/index.php?rest_route=\/wp\/v2\/users\/1"}],"replies":[{"embeddable":true,"href":"http:\/\/lasteaed.tostamaa.ee\/index.php?rest_route=%2Fwp%2Fv2%2Fcomments&post=445"}],"version-history":[{"count":1,"href":"http:\/\/lasteaed.tostamaa.ee\/index.php?rest_route=\/wp\/v2\/posts\/445\/revisions"}],"predecessor-version":[{"id":448,"href":"http:\/\/lasteaed.tostamaa.ee\/index.php?rest_route=\/wp\/v2\/posts\/445\/revisions\/448"}],"wp:attachment":[{"href":"http:\/\/lasteaed.tostamaa.ee\/index.php?rest_route=%2Fwp%2Fv2%2Fmedia&parent=445"}],"wp:term":[{"taxonomy":"category","embeddable":true,"href":"http:\/\/lasteaed.tostamaa.ee\/index.php?rest_route=%2Fwp%2Fv2%2Fcategories&post=445"},{"taxonomy":"post_tag","embeddable":true,"href":"http:\/\/lasteaed.tostamaa.ee\/index.php?rest_route=%2Fwp%2Fv2%2Ftags&post=445"}],"curies":[{"name":"wp","href":"https:\/\/api.w.org\/{rel}","templated":true}]}}