{"id":463,"date":"2015-11-17T13:26:11","date_gmt":"2015-11-17T11:26:11","guid":{"rendered":"http:\/\/lasteaed.tostamaa.ee\/?p=463"},"modified":"2015-12-23T08:10:20","modified_gmt":"2015-12-23T06:10:20","slug":"lasteaia-saal-on-nuud-pidulikult-avatud","status":"publish","type":"post","link":"http:\/\/lasteaed.tostamaa.ee\/?p=463","title":{"rendered":"Lasteaia saal on n\u00fc\u00fcd pidulikult avatud"},"content":{"rendered":"<p>6. novembril toimus lasteaia v\u00e4rskelt remonditud saalis isadep\u00e4evapidu. S\u00fcgisel remonditi lasteaiahoone saaliosa, mida toetas Regionaalsete investeerinu toetuste andmise programm.Suur t\u00e4nu ka\u00a0T\u00f5stamaa Vallavalitsusele, saal v\u00e4ga ilus ja hubane. Saali seina kaunistab maalitud puu, mille autoriks on kunstnik Ave Tee\u00e4\u00e4re.<\/p>\n<p>Augustis toimusid T\u00f5stamaa Vallap\u00e4evad, selle raames kogusid lasteaia heaks raha T\u00f5stamaa Jahimeeste Selts ja toimekad Tehnok\u00fcla inimesed. Kogutud raha eest kingiti lasteaiale 2 v\u00f5imlemismatti, helkurveste ja suur koti t\u00e4is komme. Suur ait\u00e4h nendele toredatele inimestele!<\/p>\n<p><a href=\"http:\/\/lasteaed.tostamaa.ee\/wp-content\/uploads\/2015\/11\/IMG_20151106_154121.jpg\"><img loading=\"lazy\" decoding=\"async\" class=\"alignnone size-full wp-image-466\" src=\"http:\/\/lasteaed.tostamaa.ee\/wp-content\/uploads\/2015\/11\/IMG_20151106_154121.jpg\" alt=\"IMG_20151106_154121\" width=\"4160\" height=\"2336\" srcset=\"http:\/\/lasteaed.tostamaa.ee\/wp-content\/uploads\/2015\/11\/IMG_20151106_154121.jpg 4160w, http:\/\/lasteaed.tostamaa.ee\/wp-content\/uploads\/2015\/11\/IMG_20151106_154121-300x168.jpg 300w, http:\/\/lasteaed.tostamaa.ee\/wp-content\/uploads\/2015\/11\/IMG_20151106_154121-1024x575.jpg 1024w, http:\/\/lasteaed.tostamaa.ee\/wp-content\/uploads\/2015\/11\/IMG_20151106_154121-1170x657.jpg 1170w\" sizes=\"auto, (max-width: 4160px) 100vw, 4160px\" \/><\/a><\/p>\n","protected":false},"excerpt":{"rendered":"<p>6. novembril toimus lasteaia v\u00e4rskelt remonditud saalis isadep\u00e4evapidu. S\u00fcgisel remonditi lasteaiahoone saaliosa, mida toetas Regionaalsete investeerinu toetuste andmise programm.Suur t\u00e4nu ka\u00a0T\u00f5stamaa Vallavalitsusele, saal v\u00e4ga ilus ja hubane. Saali seina kaunistab maalitud puu, mille autoriks on kunstnik Ave Tee\u00e4\u00e4re. Augustis toimusid T\u00f5stamaa Vallap\u00e4evad, selle raames kogusid lasteaia heaks raha T\u00f5stamaa Jahimeeste Selts ja toimekad Tehnok\u00fcla inimesed. [&hellip;]<\/p>\n","protected":false},"author":1,"featured_media":0,"comment_status":"closed","ping_status":"open","sticky":false,"template":"","format":"standard","meta":{"footnotes":""},"categories":[1],"tags":[],"class_list":["post-463","post","type-post","status-publish","format-standard","hentry","category-maaratlemata"],"_links":{"self":[{"href":"http:\/\/lasteaed.tostamaa.ee\/index.php?rest_route=\/wp\/v2\/posts\/463","targetHints":{"allow":["GET"]}}],"collection":[{"href":"http:\/\/lasteaed.tostamaa.ee\/index.php?rest_route=\/wp\/v2\/posts"}],"about":[{"href":"http:\/\/lasteaed.tostamaa.ee\/index.php?rest_route=\/wp\/v2\/types\/post"}],"author":[{"embeddable":true,"href":"http:\/\/lasteaed.tostamaa.ee\/index.php?rest_route=\/wp\/v2\/users\/1"}],"replies":[{"embeddable":true,"href":"http:\/\/lasteaed.tostamaa.ee\/index.php?rest_route=%2Fwp%2Fv2%2Fcomments&post=463"}],"version-history":[{"count":3,"href":"http:\/\/lasteaed.tostamaa.ee\/index.php?rest_route=\/wp\/v2\/posts\/463\/revisions"}],"predecessor-version":[{"id":488,"href":"http:\/\/lasteaed.tostamaa.ee\/index.php?rest_route=\/wp\/v2\/posts\/463\/revisions\/488"}],"wp:attachment":[{"href":"http:\/\/lasteaed.tostamaa.ee\/index.php?rest_route=%2Fwp%2Fv2%2Fmedia&parent=463"}],"wp:term":[{"taxonomy":"category","embeddable":true,"href":"http:\/\/lasteaed.tostamaa.ee\/index.php?rest_route=%2Fwp%2Fv2%2Fcategories&post=463"},{"taxonomy":"post_tag","embeddable":true,"href":"http:\/\/lasteaed.tostamaa.ee\/index.php?rest_route=%2Fwp%2Fv2%2Ftags&post=463"}],"curies":[{"name":"wp","href":"https:\/\/api.w.org\/{rel}","templated":true}]}}